{"id":339,"date":"2025-10-01T13:34:24","date_gmt":"2025-10-01T13:34:24","guid":{"rendered":"https:\/\/almasiklima.hu\/?p=339"},"modified":"2025-11-13T20:14:32","modified_gmt":"2025-11-13T20:14:32","slug":"otthonfelujitasi-tamogatas","status":"publish","type":"post","link":"https:\/\/almasiklima.hu\/en_gb\/otthonfelujitasi-tamogatas\/","title":{"rendered":"Home Renovation Grant - New opportunity for pensioners!"},"content":{"rendered":"<p>The comfort and security of the home is important to all of us. The good news is that <strong>Rural Home Renovation Programme now extended to pensioners<\/strong>, so that older people can also take advantage of the support to modernise and renovate their property.<\/p>\n\n\n\n<p>The aid is granted to <strong>in municipalities with a population of less than 5 000 inhabitants<\/strong> and can be a significant financial help for those who want to make their homes more comfortable and energy efficient.<\/p>\n\n\n\n<hr class=\"wp-block-separator has-alpha-channel-opacity\"\/>\n\n\n\n<h2 class=\"wp-block-heading\">Who can benefit from the aid?<\/h2>\n\n\n\n<p>There are a number of conditions attached to the scheme which are worth checking:<\/p>\n\n\n\n<ul class=\"wp-block-list\">\n<li>The property <strong>be located in a small rural town<\/strong> (population under 5 000).<\/li>\n\n\n\n<li>The claimant must <strong>have at least one child to raise<\/strong> (a 12-week foetus counts as an existing child).<\/li>\n\n\n\n<li>Single people, cohabiting couples and married couples are all eligible.<\/li>\n\n\n\n<li>In the property to be renovated, the claimant(s) and child(ren) <strong>with at least 50% of ownership<\/strong> must have.<\/li>\n\n\n\n<li><strong>1 year of social security entitlement<\/strong> is required (for couples, it is sufficient if one of the parties has it).<\/li>\n\n\n\n<li>The claimant must <strong>have no public or tax debts exceeding HUF 5 000<\/strong> (applies to both parties in couples).<\/li>\n\n\n\n<li>After the works are completed, the family will have <strong>live in the property for at least 5 years<\/strong>.<\/li>\n<\/ul>\n\n\n\n<hr class=\"wp-block-separator has-alpha-channel-opacity\"\/>\n\n\n\n<h2 class=\"wp-block-heading\">What are the conditions for applying for support?<\/h2>\n\n\n\n<ul class=\"wp-block-list\">\n<li>Under the programme, the <strong>non-repayable aid amount HUF 3 million<\/strong>.<\/li>\n\n\n\n<li>When accounting for costs <strong>half and half<\/strong> should include the cost of labour and materials.\n<ul class=\"wp-block-list\">\n<li>This means that the total, at least <strong>Budget of HUF 6 million<\/strong> needed to benefit from maximum support.<\/li>\n\n\n\n<li>Example: for a HUF 4.5 million work fee + HUF 1.5 million material costs, HUF 1.5-1.5 million of the HUF 3 million grant can be used.<\/li>\n<\/ul>\n<\/li>\n\n\n\n<li>The aid <strong>paid in arrears<\/strong>, so pre-financing is needed. However, the preferential rate for the programme is available from 1 February. <strong>subsidised loan<\/strong> is.<\/li>\n<\/ul>\n\n\n\n<hr class=\"wp-block-separator has-alpha-channel-opacity\"\/>\n\n\n\n<h2 class=\"wp-block-heading\">The municipalities of Hajd\u00fa-Bihar county where the programme is available<\/h2>\n\n\n\n<p>The support is available in the following municipalities with less than 5000 inhabitants in Hajd\u00fa-Bihar (detailed list):<\/p>\n\n\n\n<p>\u00c1lmosd, \u00c1rt\u00e1nd, Bagam\u00e9r, Bakonszeg, B\u00e1r\u00e1nd, Bed\u0151, Berekb\u00f6sz\u00f6rm\u00e9ny, Bihardancsh\u00e1za, Biharkeresztes, Biharnagybajom, Bihartorda, Bojt, Cs\u00f6km\u0151, Darvas, Egyek, Eszt\u00e1r, Foly\u00e1s, F\u00f6ldes, Furta, F\u00fcl\u00f6p, G\u00e1borj\u00e1n, G\u00f6rbeh\u00e1za, Hajd\u00fabagos, Hajd\u00faszov\u00e1t, Hencida, Hortob\u00e1gy, Kismarja, Kokad, Kom\u00e1di, Kony\u00e1r, K\u00f6r\u00f6sszak\u00e1l, K\u00f6r\u00f6sszegap\u00e1ti, Magyarhomorog, Mez\u0151peterd, Mez\u0151sas, Monostorp\u00e1lyi, Nagykereki, Nagyr\u00e1b\u00e9, Ny\u00edr\u00e1br\u00e1ny, Ny\u00edracs\u00e1d, Ny\u00edrm\u00e1rtonfalva, Pocsaj, S\u00e1p, S\u00e1r\u00e1nd, S\u00e1rr\u00e9tudvari, Szentp\u00e9terszeg, Szerep, T\u00e9pe, Tet\u00e9tlen, Tiszacsege, Tiszagyulah\u00e1za, Told, \u00dajir\u00e1z, \u00dajl\u00e9ta, \u00dajszentmargita, \u00dajtikos, V\u00e1ncsod, Vekerd, Zs\u00e1ka.<\/p>\n\n\n\n<hr class=\"wp-block-separator has-alpha-channel-opacity\"\/>\n\n\n\n<h2 class=\"wp-block-heading\">Why take the opportunity?<\/h2>\n\n\n\n<ul class=\"wp-block-list\">\n<li><strong>Significant financial support<\/strong> - up to HUF 3 million non-refundable amount.<\/li>\n\n\n\n<li><strong>A more energy efficient home<\/strong> - modern heating, insulation or replacement of windows and doors.<\/li>\n\n\n\n<li><strong>More comfortable living environment<\/strong> - a safe, comfortable, modernised home.<\/li>\n\n\n\n<li><strong>Also available for retired people<\/strong> - for the first time, the older generation can also benefit from the programme.<\/li>\n<\/ul>\n\n\n\n<hr class=\"wp-block-separator has-alpha-channel-opacity\"\/>\n\n\n\n<p>The Rural Home Renovation Grant is therefore a unique opportunity for families and pensioners alike to modernise their homes and give themselves a better quality of life in the long term.<\/p>\n\n\n\n<p>\ud83d\udccc If you live in a small town in Hajd\u00fa-Bihar, it is worth getting informed and starting planning as soon as possible!<\/p>","protected":false},"excerpt":{"rendered":"<p>Az otthon k\u00e9nyelme \u00e9s biztons\u00e1ga mindannyiunk sz\u00e1m\u00e1ra fontos. J\u00f3 h\u00edr, hogy a vid\u00e9ki Otthonfel\u00faj\u00edt\u00e1si Programot most kiterjesztett\u00e9k a nyugd\u00edjasokra is, \u00edgy az id\u0151sek is \u00e9lhetnek a t\u00e1mogat\u00e1s adta lehet\u0151s\u00e9ggel, hogy korszer\u0171s\u00edts\u00e9k, fel\u00faj\u00edts\u00e1k ingatlanjukat. A t\u00e1mogat\u00e1s a 5 ezer f\u0151n\u00e9l kisebb lakoss\u00e1gsz\u00e1m\u00fa telep\u00fcl\u00e9seken \u00e9rhet\u0151 el, \u00e9s komoly anyagi seg\u00edts\u00e9get jelenthet azok sz\u00e1m\u00e1ra, akik szeretn\u00e9k komfortosabb\u00e1 \u00e9s [&hellip;]<\/p>\n","protected":false},"author":1,"featured_media":97,"comment_status":"closed","ping_status":"closed","sticky":false,"template":"","format":"standard","meta":{"footnotes":""},"categories":[1],"tags":[],"class_list":["post-339","post","type-post","status-publish","format-standard","has-post-thumbnail","hentry","category-uncategorized"],"yoast_head":"<!-- This site is optimized with the Yoast SEO plugin v27.3 - https:\/\/yoast.com\/product\/yoast-seo-wordpress\/ -->\n<title>Otthonfel\u00faj\u00edt\u00e1si T\u00e1mogat\u00e1s Kl\u00edm\u00e1ra | Alm\u00e1si Kl\u00edma Blog<\/title>\n<meta name=\"description\" content=\"Kl\u00edma is elsz\u00e1molhat\u00f3 az otthonfel\u00faj\u00edt\u00e1si t\u00e1mogat\u00e1sb\u00f3l! 3M Ft vissza nem t\u00e9r\u00edtend\u0151 \u00f6sszeg. Hajd\u00fa-Bihar 60+ telep\u00fcl\u00e9s. Alm\u00e1si Kl\u00edma seg\u00edt az ig\u00e9nyl\u00e9sben!\" \/>\n<meta name=\"robots\" content=\"index, follow, max-snippet:-1, max-image-preview:large, max-video-preview:-1\" \/>\n<link rel=\"canonical\" href=\"https:\/\/almasiklima.hu\/en_gb\/otthonfelujitasi-tamogatas\/\" \/>\n<meta property=\"og:locale\" content=\"en_GB\" \/>\n<meta property=\"og:type\" content=\"article\" \/>\n<meta property=\"og:title\" content=\"Otthonfel\u00faj\u00edt\u00e1si T\u00e1mogat\u00e1s Kl\u00edm\u00e1ra | Alm\u00e1si Kl\u00edma Blog\" \/>\n<meta property=\"og:description\" content=\"Kl\u00edma is elsz\u00e1molhat\u00f3 az otthonfel\u00faj\u00edt\u00e1si t\u00e1mogat\u00e1sb\u00f3l! 3M Ft vissza nem t\u00e9r\u00edtend\u0151 \u00f6sszeg. Hajd\u00fa-Bihar 60+ telep\u00fcl\u00e9s. Alm\u00e1si Kl\u00edma seg\u00edt az ig\u00e9nyl\u00e9sben!\" \/>\n<meta property=\"og:url\" content=\"https:\/\/almasiklima.hu\/en_gb\/otthonfelujitasi-tamogatas\/\" \/>\n<meta property=\"og:site_name\" content=\"almasiklima.hu\" \/>\n<meta property=\"article:published_time\" content=\"2025-10-01T13:34:24+00:00\" \/>\n<meta property=\"article:modified_time\" content=\"2025-11-13T20:14:32+00:00\" \/>\n<meta property=\"og:image\" content=\"https:\/\/almasiklima.hu\/wp-content\/uploads\/2025\/09\/installing-an-air-conditioner-in-an-apartment-offi-2021-12-09-22-09-23-utc-min-min.jpg\" \/>\n\t<meta property=\"og:image:width\" content=\"1500\" \/>\n\t<meta property=\"og:image:height\" content=\"1000\" \/>\n\t<meta property=\"og:image:type\" content=\"image\/jpeg\" \/>\n<meta name=\"author\" content=\"flybuiltstudio\" \/>\n<meta name=\"twitter:card\" content=\"summary_large_image\" \/>\n<meta name=\"twitter:label1\" content=\"Written by\" \/>\n\t<meta name=\"twitter:data1\" content=\"flybuiltstudio\" \/>\n\t<meta name=\"twitter:label2\" content=\"Estimated reading time\" \/>\n\t<meta name=\"twitter:data2\" content=\"3 minutes\" \/>\n<script type=\"application\/ld+json\" class=\"yoast-schema-graph\">{\"@context\":\"https:\\\/\\\/schema.org\",\"@graph\":[{\"@type\":\"Article\",\"@id\":\"https:\\\/\\\/almasiklima.hu\\\/otthonfelujitasi-tamogatas\\\/#article\",\"isPartOf\":{\"@id\":\"https:\\\/\\\/almasiklima.hu\\\/otthonfelujitasi-tamogatas\\\/\"},\"author\":{\"name\":\"flybuiltstudio\",\"@id\":\"https:\\\/\\\/almasiklima.hu\\\/#\\\/schema\\\/person\\\/ddb0004dec4c426387b98a390a2c77e0\"},\"headline\":\"Otthonfel\u00faj\u00edt\u00e1si T\u00e1mogat\u00e1s \u2013 \u00daj lehet\u0151s\u00e9g nyugd\u00edjasoknak is!\",\"datePublished\":\"2025-10-01T13:34:24+00:00\",\"dateModified\":\"2025-11-13T20:14:32+00:00\",\"mainEntityOfPage\":{\"@id\":\"https:\\\/\\\/almasiklima.hu\\\/otthonfelujitasi-tamogatas\\\/\"},\"wordCount\":681,\"publisher\":{\"@id\":\"https:\\\/\\\/almasiklima.hu\\\/#organization\"},\"image\":{\"@id\":\"https:\\\/\\\/almasiklima.hu\\\/otthonfelujitasi-tamogatas\\\/#primaryimage\"},\"thumbnailUrl\":\"https:\\\/\\\/almasiklima.hu\\\/wp-content\\\/uploads\\\/2025\\\/09\\\/installing-an-air-conditioner-in-an-apartment-offi-2021-12-09-22-09-23-utc-min-min.jpg\",\"articleSection\":[\"Uncategorized\"],\"inLanguage\":\"en-GB\"},{\"@type\":\"WebPage\",\"@id\":\"https:\\\/\\\/almasiklima.hu\\\/otthonfelujitasi-tamogatas\\\/\",\"url\":\"https:\\\/\\\/almasiklima.hu\\\/otthonfelujitasi-tamogatas\\\/\",\"name\":\"Otthonfel\u00faj\u00edt\u00e1si T\u00e1mogat\u00e1s Kl\u00edm\u00e1ra | Alm\u00e1si Kl\u00edma Blog\",\"isPartOf\":{\"@id\":\"https:\\\/\\\/almasiklima.hu\\\/#website\"},\"primaryImageOfPage\":{\"@id\":\"https:\\\/\\\/almasiklima.hu\\\/otthonfelujitasi-tamogatas\\\/#primaryimage\"},\"image\":{\"@id\":\"https:\\\/\\\/almasiklima.hu\\\/otthonfelujitasi-tamogatas\\\/#primaryimage\"},\"thumbnailUrl\":\"https:\\\/\\\/almasiklima.hu\\\/wp-content\\\/uploads\\\/2025\\\/09\\\/installing-an-air-conditioner-in-an-apartment-offi-2021-12-09-22-09-23-utc-min-min.jpg\",\"datePublished\":\"2025-10-01T13:34:24+00:00\",\"dateModified\":\"2025-11-13T20:14:32+00:00\",\"description\":\"Kl\u00edma is elsz\u00e1molhat\u00f3 az otthonfel\u00faj\u00edt\u00e1si t\u00e1mogat\u00e1sb\u00f3l! 3M Ft vissza nem t\u00e9r\u00edtend\u0151 \u00f6sszeg. Hajd\u00fa-Bihar 60+ telep\u00fcl\u00e9s. Alm\u00e1si Kl\u00edma seg\u00edt az ig\u00e9nyl\u00e9sben!\",\"breadcrumb\":{\"@id\":\"https:\\\/\\\/almasiklima.hu\\\/otthonfelujitasi-tamogatas\\\/#breadcrumb\"},\"inLanguage\":\"en-GB\",\"potentialAction\":[{\"@type\":\"ReadAction\",\"target\":[\"https:\\\/\\\/almasiklima.hu\\\/otthonfelujitasi-tamogatas\\\/\"]}]},{\"@type\":\"ImageObject\",\"inLanguage\":\"en-GB\",\"@id\":\"https:\\\/\\\/almasiklima.hu\\\/otthonfelujitasi-tamogatas\\\/#primaryimage\",\"url\":\"https:\\\/\\\/almasiklima.hu\\\/wp-content\\\/uploads\\\/2025\\\/09\\\/installing-an-air-conditioner-in-an-apartment-offi-2021-12-09-22-09-23-utc-min-min.jpg\",\"contentUrl\":\"https:\\\/\\\/almasiklima.hu\\\/wp-content\\\/uploads\\\/2025\\\/09\\\/installing-an-air-conditioner-in-an-apartment-offi-2021-12-09-22-09-23-utc-min-min.jpg\",\"width\":1500,\"height\":1000},{\"@type\":\"BreadcrumbList\",\"@id\":\"https:\\\/\\\/almasiklima.hu\\\/otthonfelujitasi-tamogatas\\\/#breadcrumb\",\"itemListElement\":[{\"@type\":\"ListItem\",\"position\":1,\"name\":\"Home\",\"item\":\"https:\\\/\\\/almasiklima.hu\\\/\"},{\"@type\":\"ListItem\",\"position\":2,\"name\":\"Otthonfel\u00faj\u00edt\u00e1si T\u00e1mogat\u00e1s \u2013 \u00daj lehet\u0151s\u00e9g nyugd\u00edjasoknak is!\"}]},{\"@type\":\"WebSite\",\"@id\":\"https:\\\/\\\/almasiklima.hu\\\/#website\",\"url\":\"https:\\\/\\\/almasiklima.hu\\\/\",\"name\":\"almasiklima.hu\",\"description\":\"\",\"publisher\":{\"@id\":\"https:\\\/\\\/almasiklima.hu\\\/#organization\"},\"potentialAction\":[{\"@type\":\"SearchAction\",\"target\":{\"@type\":\"EntryPoint\",\"urlTemplate\":\"https:\\\/\\\/almasiklima.hu\\\/?s={search_term_string}\"},\"query-input\":{\"@type\":\"PropertyValueSpecification\",\"valueRequired\":true,\"valueName\":\"search_term_string\"}}],\"inLanguage\":\"en-GB\"},{\"@type\":\"Organization\",\"@id\":\"https:\\\/\\\/almasiklima.hu\\\/#organization\",\"name\":\"almasiklima.hu\",\"url\":\"https:\\\/\\\/almasiklima.hu\\\/\",\"logo\":{\"@type\":\"ImageObject\",\"inLanguage\":\"en-GB\",\"@id\":\"https:\\\/\\\/almasiklima.hu\\\/#\\\/schema\\\/logo\\\/image\\\/\",\"url\":\"https:\\\/\\\/almasiklima.hu\\\/wp-content\\\/uploads\\\/2025\\\/09\\\/Almasi-Gabor-Almasi-Klima-Logo-1-scaled-e1762855207980.png\",\"contentUrl\":\"https:\\\/\\\/almasiklima.hu\\\/wp-content\\\/uploads\\\/2025\\\/09\\\/Almasi-Gabor-Almasi-Klima-Logo-1-scaled-e1762855207980.png\",\"width\":2560,\"height\":806,\"caption\":\"almasiklima.hu\"},\"image\":{\"@id\":\"https:\\\/\\\/almasiklima.hu\\\/#\\\/schema\\\/logo\\\/image\\\/\"}},{\"@type\":\"Person\",\"@id\":\"https:\\\/\\\/almasiklima.hu\\\/#\\\/schema\\\/person\\\/ddb0004dec4c426387b98a390a2c77e0\",\"name\":\"flybuiltstudio\",\"image\":{\"@type\":\"ImageObject\",\"inLanguage\":\"en-GB\",\"@id\":\"https:\\\/\\\/secure.gravatar.com\\\/avatar\\\/3fef1f17a7437c830505d2a0bee73a69ebec648630e245096d4f551f0191b683?s=96&d=mm&r=g\",\"url\":\"https:\\\/\\\/secure.gravatar.com\\\/avatar\\\/3fef1f17a7437c830505d2a0bee73a69ebec648630e245096d4f551f0191b683?s=96&d=mm&r=g\",\"contentUrl\":\"https:\\\/\\\/secure.gravatar.com\\\/avatar\\\/3fef1f17a7437c830505d2a0bee73a69ebec648630e245096d4f551f0191b683?s=96&d=mm&r=g\",\"caption\":\"flybuiltstudio\"},\"sameAs\":[\"https:\\\/\\\/almasiklima.hu\"],\"url\":\"https:\\\/\\\/almasiklima.hu\\\/en_gb\\\/author\\\/flybuiltstudio\\\/\"}]}<\/script>\n<!-- \/ Yoast SEO plugin. -->","yoast_head_json":{"title":"Otthonfel\u00faj\u00edt\u00e1si T\u00e1mogat\u00e1s Kl\u00edm\u00e1ra | Alm\u00e1si Kl\u00edma Blog","description":"Kl\u00edma is elsz\u00e1molhat\u00f3 az otthonfel\u00faj\u00edt\u00e1si t\u00e1mogat\u00e1sb\u00f3l! 3M Ft vissza nem t\u00e9r\u00edtend\u0151 \u00f6sszeg. Hajd\u00fa-Bihar 60+ telep\u00fcl\u00e9s. Alm\u00e1si Kl\u00edma seg\u00edt az ig\u00e9nyl\u00e9sben!","robots":{"index":"index","follow":"follow","max-snippet":"max-snippet:-1","max-image-preview":"max-image-preview:large","max-video-preview":"max-video-preview:-1"},"canonical":"https:\/\/almasiklima.hu\/en_gb\/otthonfelujitasi-tamogatas\/","og_locale":"en_GB","og_type":"article","og_title":"Otthonfel\u00faj\u00edt\u00e1si T\u00e1mogat\u00e1s Kl\u00edm\u00e1ra | Alm\u00e1si Kl\u00edma Blog","og_description":"Kl\u00edma is elsz\u00e1molhat\u00f3 az otthonfel\u00faj\u00edt\u00e1si t\u00e1mogat\u00e1sb\u00f3l! 3M Ft vissza nem t\u00e9r\u00edtend\u0151 \u00f6sszeg. Hajd\u00fa-Bihar 60+ telep\u00fcl\u00e9s. Alm\u00e1si Kl\u00edma seg\u00edt az ig\u00e9nyl\u00e9sben!","og_url":"https:\/\/almasiklima.hu\/en_gb\/otthonfelujitasi-tamogatas\/","og_site_name":"almasiklima.hu","article_published_time":"2025-10-01T13:34:24+00:00","article_modified_time":"2025-11-13T20:14:32+00:00","og_image":[{"width":1500,"height":1000,"url":"https:\/\/almasiklima.hu\/wp-content\/uploads\/2025\/09\/installing-an-air-conditioner-in-an-apartment-offi-2021-12-09-22-09-23-utc-min-min.jpg","type":"image\/jpeg"}],"author":"flybuiltstudio","twitter_card":"summary_large_image","twitter_misc":{"Written by":"flybuiltstudio","Estimated reading time":"3 minutes"},"schema":{"@context":"https:\/\/schema.org","@graph":[{"@type":"Article","@id":"https:\/\/almasiklima.hu\/otthonfelujitasi-tamogatas\/#article","isPartOf":{"@id":"https:\/\/almasiklima.hu\/otthonfelujitasi-tamogatas\/"},"author":{"name":"flybuiltstudio","@id":"https:\/\/almasiklima.hu\/#\/schema\/person\/ddb0004dec4c426387b98a390a2c77e0"},"headline":"Otthonfel\u00faj\u00edt\u00e1si T\u00e1mogat\u00e1s \u2013 \u00daj lehet\u0151s\u00e9g nyugd\u00edjasoknak is!","datePublished":"2025-10-01T13:34:24+00:00","dateModified":"2025-11-13T20:14:32+00:00","mainEntityOfPage":{"@id":"https:\/\/almasiklima.hu\/otthonfelujitasi-tamogatas\/"},"wordCount":681,"publisher":{"@id":"https:\/\/almasiklima.hu\/#organization"},"image":{"@id":"https:\/\/almasiklima.hu\/otthonfelujitasi-tamogatas\/#primaryimage"},"thumbnailUrl":"https:\/\/almasiklima.hu\/wp-content\/uploads\/2025\/09\/installing-an-air-conditioner-in-an-apartment-offi-2021-12-09-22-09-23-utc-min-min.jpg","articleSection":["Uncategorized"],"inLanguage":"en-GB"},{"@type":"WebPage","@id":"https:\/\/almasiklima.hu\/otthonfelujitasi-tamogatas\/","url":"https:\/\/almasiklima.hu\/otthonfelujitasi-tamogatas\/","name":"Otthonfel\u00faj\u00edt\u00e1si T\u00e1mogat\u00e1s Kl\u00edm\u00e1ra | Alm\u00e1si Kl\u00edma Blog","isPartOf":{"@id":"https:\/\/almasiklima.hu\/#website"},"primaryImageOfPage":{"@id":"https:\/\/almasiklima.hu\/otthonfelujitasi-tamogatas\/#primaryimage"},"image":{"@id":"https:\/\/almasiklima.hu\/otthonfelujitasi-tamogatas\/#primaryimage"},"thumbnailUrl":"https:\/\/almasiklima.hu\/wp-content\/uploads\/2025\/09\/installing-an-air-conditioner-in-an-apartment-offi-2021-12-09-22-09-23-utc-min-min.jpg","datePublished":"2025-10-01T13:34:24+00:00","dateModified":"2025-11-13T20:14:32+00:00","description":"Kl\u00edma is elsz\u00e1molhat\u00f3 az otthonfel\u00faj\u00edt\u00e1si t\u00e1mogat\u00e1sb\u00f3l! 3M Ft vissza nem t\u00e9r\u00edtend\u0151 \u00f6sszeg. Hajd\u00fa-Bihar 60+ telep\u00fcl\u00e9s. Alm\u00e1si Kl\u00edma seg\u00edt az ig\u00e9nyl\u00e9sben!","breadcrumb":{"@id":"https:\/\/almasiklima.hu\/otthonfelujitasi-tamogatas\/#breadcrumb"},"inLanguage":"en-GB","potentialAction":[{"@type":"ReadAction","target":["https:\/\/almasiklima.hu\/otthonfelujitasi-tamogatas\/"]}]},{"@type":"ImageObject","inLanguage":"en-GB","@id":"https:\/\/almasiklima.hu\/otthonfelujitasi-tamogatas\/#primaryimage","url":"https:\/\/almasiklima.hu\/wp-content\/uploads\/2025\/09\/installing-an-air-conditioner-in-an-apartment-offi-2021-12-09-22-09-23-utc-min-min.jpg","contentUrl":"https:\/\/almasiklima.hu\/wp-content\/uploads\/2025\/09\/installing-an-air-conditioner-in-an-apartment-offi-2021-12-09-22-09-23-utc-min-min.jpg","width":1500,"height":1000},{"@type":"BreadcrumbList","@id":"https:\/\/almasiklima.hu\/otthonfelujitasi-tamogatas\/#breadcrumb","itemListElement":[{"@type":"ListItem","position":1,"name":"Home","item":"https:\/\/almasiklima.hu\/"},{"@type":"ListItem","position":2,"name":"Otthonfel\u00faj\u00edt\u00e1si T\u00e1mogat\u00e1s \u2013 \u00daj lehet\u0151s\u00e9g nyugd\u00edjasoknak is!"}]},{"@type":"WebSite","@id":"https:\/\/almasiklima.hu\/#website","url":"https:\/\/almasiklima.hu\/","name":"almasiklima.hu","description":"","publisher":{"@id":"https:\/\/almasiklima.hu\/#organization"},"potentialAction":[{"@type":"SearchAction","target":{"@type":"EntryPoint","urlTemplate":"https:\/\/almasiklima.hu\/?s={search_term_string}"},"query-input":{"@type":"PropertyValueSpecification","valueRequired":true,"valueName":"search_term_string"}}],"inLanguage":"en-GB"},{"@type":"Organization","@id":"https:\/\/almasiklima.hu\/#organization","name":"almasiklima.hu","url":"https:\/\/almasiklima.hu\/","logo":{"@type":"ImageObject","inLanguage":"en-GB","@id":"https:\/\/almasiklima.hu\/#\/schema\/logo\/image\/","url":"https:\/\/almasiklima.hu\/wp-content\/uploads\/2025\/09\/Almasi-Gabor-Almasi-Klima-Logo-1-scaled-e1762855207980.png","contentUrl":"https:\/\/almasiklima.hu\/wp-content\/uploads\/2025\/09\/Almasi-Gabor-Almasi-Klima-Logo-1-scaled-e1762855207980.png","width":2560,"height":806,"caption":"almasiklima.hu"},"image":{"@id":"https:\/\/almasiklima.hu\/#\/schema\/logo\/image\/"}},{"@type":"Person","@id":"https:\/\/almasiklima.hu\/#\/schema\/person\/ddb0004dec4c426387b98a390a2c77e0","name":"flybuiltstudio","image":{"@type":"ImageObject","inLanguage":"en-GB","@id":"https:\/\/secure.gravatar.com\/avatar\/3fef1f17a7437c830505d2a0bee73a69ebec648630e245096d4f551f0191b683?s=96&d=mm&r=g","url":"https:\/\/secure.gravatar.com\/avatar\/3fef1f17a7437c830505d2a0bee73a69ebec648630e245096d4f551f0191b683?s=96&d=mm&r=g","contentUrl":"https:\/\/secure.gravatar.com\/avatar\/3fef1f17a7437c830505d2a0bee73a69ebec648630e245096d4f551f0191b683?s=96&d=mm&r=g","caption":"flybuiltstudio"},"sameAs":["https:\/\/almasiklima.hu"],"url":"https:\/\/almasiklima.hu\/en_gb\/author\/flybuiltstudio\/"}]}},"_links":{"self":[{"href":"https:\/\/almasiklima.hu\/en_gb\/wp-json\/wp\/v2\/posts\/339","targetHints":{"allow":["GET"]}}],"collection":[{"href":"https:\/\/almasiklima.hu\/en_gb\/wp-json\/wp\/v2\/posts"}],"about":[{"href":"https:\/\/almasiklima.hu\/en_gb\/wp-json\/wp\/v2\/types\/post"}],"author":[{"embeddable":true,"href":"https:\/\/almasiklima.hu\/en_gb\/wp-json\/wp\/v2\/users\/1"}],"replies":[{"embeddable":true,"href":"https:\/\/almasiklima.hu\/en_gb\/wp-json\/wp\/v2\/comments?post=339"}],"version-history":[{"count":2,"href":"https:\/\/almasiklima.hu\/en_gb\/wp-json\/wp\/v2\/posts\/339\/revisions"}],"predecessor-version":[{"id":341,"href":"https:\/\/almasiklima.hu\/en_gb\/wp-json\/wp\/v2\/posts\/339\/revisions\/341"}],"wp:featuredmedia":[{"embeddable":true,"href":"https:\/\/almasiklima.hu\/en_gb\/wp-json\/wp\/v2\/media\/97"}],"wp:attachment":[{"href":"https:\/\/almasiklima.hu\/en_gb\/wp-json\/wp\/v2\/media?parent=339"}],"wp:term":[{"taxonomy":"category","embeddable":true,"href":"https:\/\/almasiklima.hu\/en_gb\/wp-json\/wp\/v2\/categories?post=339"},{"taxonomy":"post_tag","embeddable":true,"href":"https:\/\/almasiklima.hu\/en_gb\/wp-json\/wp\/v2\/tags?post=339"}],"curies":[{"name":"wp","href":"https:\/\/api.w.org\/{rel}","templated":true}]}}