{"id":328,"date":"2025-10-01T13:26:34","date_gmt":"2025-10-01T13:26:34","guid":{"rendered":"https:\/\/almasiklima.hu\/?p=328"},"modified":"2025-11-13T20:16:46","modified_gmt":"2025-11-13T20:16:46","slug":"klimakarbantartas-es-telepites","status":"publish","type":"post","link":"https:\/\/almasiklima.hu\/en_gb\/klimakarbantartas-es-telepites\/","title":{"rendered":"Air conditioning maintenance and installation - why hire a professional?"},"content":{"rendered":"<p>A well-functioning air conditioner is not only a goldmine in the summer heat, but can also be a big help during the heating season. But to ensure long-term reliability, it needs regular maintenance and professional cleaning. Let's see what options we offer and at what prices!<\/p>\n\n\n\n<hr class=\"wp-block-separator has-alpha-channel-opacity\"\/>\n\n\n\n<h2 class=\"wp-block-heading\">Air conditioner maintenance and cleaning<\/h2>\n\n\n\n<p>Over time, dirt, dust and mould can build up inside air conditioners, which not only reduces efficiency, but can also be harmful to health. During maintenance, we disinfect the unit to ensure clean and healthy air in your home.<\/p>\n\n\n\n<p><strong>Our prices:<\/strong><\/p>\n\n\n\n<ul class=\"wp-block-list\">\n<li>For devices installed by others: <strong>15.000 Ft<\/strong><\/li>\n\n\n\n<li>For a device installed by us: <strong>12.000 Ft<\/strong><\/li>\n\n\n\n<li>Deep cleaning extra charge: <strong>+2.000 Ft\/device<\/strong><\/li>\n<\/ul>\n\n\n\n<p>\ud83d\udc49 Deep cleaning is performed using wash-bag, hot steam or high-pressure technology and is recommended for appliances that have missed several maintenance sessions or where a general cleaning cannot remove the accumulated dirt.<\/p>\n\n\n\n<hr class=\"wp-block-separator has-alpha-channel-opacity\"\/>\n\n\n\n<h2 class=\"wp-block-heading\">Benefits of customer registration<\/h2>\n\n\n\n<p>If you become a registered customer, with at least one maintenance a year, you can benefit from our services at an even lower price.<\/p>\n\n\n\n<p><strong>Registration discounts:<\/strong><\/p>\n\n\n\n<ul class=\"wp-block-list\">\n<li><strong>2000 Ft discount<\/strong> all maintenance<\/li>\n\n\n\n<li>Priority customer care<\/li>\n\n\n\n<li>Timely reminders (e-mail, phone) of overdue maintenance<\/li>\n<\/ul>\n\n\n\n<p>And for multiple devices, we will provide you with an individual quote.<\/p>\n\n\n\n<hr class=\"wp-block-separator has-alpha-channel-opacity\"\/>\n\n\n\n<h2 class=\"wp-block-heading\">Air conditioning installation with basic installation<\/h2>\n\n\n\n<p>We can also install new units for air conditioners of different capacities.<\/p>\n\n\n\n<p><strong>Installation prices (with basic installation):<\/strong><\/p>\n\n\n\n<ul class=\"wp-block-list\">\n<li>2.5 kW air conditioners: <strong>From 75.000 Ft<\/strong><\/li>\n\n\n\n<li>3.5 kW air conditioners: <strong>from 80.000 Ft<\/strong><\/li>\n\n\n\n<li>5 kW air conditioners: <strong>From 95.000 Ft<\/strong><\/li>\n\n\n\n<li>7 kW air conditioners: <strong>From 110.000 Ft<\/strong><\/li>\n<\/ul>\n\n\n\n<p><strong>What is included in the basic kit?<\/strong><\/p>\n\n\n\n<ul class=\"wp-block-list\">\n<li>Drilling through 1 main wall (brick max. 50 cm, concrete max. 40 cm)<\/li>\n\n\n\n<li>Provision of cable ducts and glands<\/li>\n\n\n\n<li>Installation of insulated, dry-clean refrigerant pipes up to 3 metres long<\/li>\n\n\n\n<li>Electrical wiring between indoor and outdoor unit<\/li>\n\n\n\n<li>Installation of outdoor unit up to a maximum height of 3 m<\/li>\n\n\n\n<li>Condensate gravity drainage<\/li>\n\n\n\n<li>Professional installation and commissioning<\/li>\n\n\n\n<li>Issue of installation certificate<\/li>\n\n\n\n<li>Provision of necessary supplies and cleaning<\/li>\n<\/ul>\n\n\n\n<p>We will always make you an individual offer for any requirements beyond the basic installation.<\/p>\n\n\n\n<hr class=\"wp-block-separator has-alpha-channel-opacity\"\/>\n\n\n\n<h2 class=\"wp-block-heading\">Why choose us?<\/h2>\n\n\n\n<ul class=\"wp-block-list\">\n<li><strong>Reliable expertise<\/strong> - we work according to the manufacturer's specifications.<\/li>\n\n\n\n<li><strong>Low prices and registration benefits<\/strong> - so you can save in the long run.<\/li>\n\n\n\n<li><strong>Clean, healthy air<\/strong> - with disinfected, carefully maintained equipment.<\/li>\n<\/ul>\n\n\n\n<hr class=\"wp-block-separator has-alpha-channel-opacity\"\/>\n\n\n\n<p>If you want a trouble-free air conditioner for many years to come, take advantage of our services!<br>\ud83d\udcde Get a quote now and enjoy the benefits of clean air and reliable cooling and heating!<\/p>","protected":false},"excerpt":{"rendered":"<p>Egy j\u00f3l m\u0171k\u00f6d\u0151 kl\u00edmak\u00e9sz\u00fcl\u00e9k nemcsak a ny\u00e1ri h\u0151s\u00e9gben aranyat \u00e9r, hanem a f\u0171t\u00e9si szezonban is komoly seg\u00edts\u00e9g lehet. Ahhoz azonban, hogy hossz\u00fa t\u00e1von megb\u00edzhat\u00f3an szolg\u00e1ljon, rendszeres karbantart\u00e1sra \u00e9s szakszer\u0171 tiszt\u00edt\u00e1sra van sz\u00fcks\u00e9g. N\u00e9zz\u00fck, milyen lehet\u0151s\u00e9geket k\u00edn\u00e1lunk, \u00e9s milyen \u00e1rakon dolgozunk! Kl\u00edmak\u00e9sz\u00fcl\u00e9k karbantart\u00e1s \u00e9s tiszt\u00edt\u00e1s A kl\u00edm\u00e1k belsej\u00e9ben id\u0151vel szennyez\u0151d\u00e9sek, por \u00e9s pen\u00e9sz telepedhet meg, ami [&hellip;]<\/p>\n","protected":false},"author":1,"featured_media":104,"comment_status":"closed","ping_status":"closed","sticky":false,"template":"","format":"standard","meta":{"footnotes":""},"categories":[1],"tags":[],"class_list":["post-328","post","type-post","status-publish","format-standard","has-post-thumbnail","hentry","category-uncategorized"],"yoast_head":"<!-- This site is optimized with the Yoast SEO plugin v27.3 - https:\/\/yoast.com\/product\/yoast-seo-wordpress\/ -->\n<title>Kl\u00edma Karbantart\u00e1s \u00e9s Telep\u00edt\u00e9s Szakszer\u0171en | Alm\u00e1si Kl\u00edma<\/title>\n<meta name=\"description\" content=\"Kl\u00edma karbantart\u00e1s 12.000 Ft-t\u00f3l, telep\u00edt\u00e9s 75.000 Ft-t\u00f3l Debrecenben. Szakszer\u0171 szerel\u00e9s garanci\u00e1val, regisztr\u00e1ci\u00f3s kedvezm\u00e9ny! Alm\u00e1si G\u00e1bor kl\u00edmaszerel\u0151.\" \/>\n<meta name=\"robots\" content=\"index, follow, max-snippet:-1, max-image-preview:large, max-video-preview:-1\" \/>\n<link rel=\"canonical\" href=\"https:\/\/almasiklima.hu\/en_gb\/klimakarbantartas-es-telepites\/\" \/>\n<meta property=\"og:locale\" content=\"en_GB\" \/>\n<meta property=\"og:type\" content=\"article\" \/>\n<meta property=\"og:title\" content=\"Kl\u00edma Karbantart\u00e1s \u00e9s Telep\u00edt\u00e9s Szakszer\u0171en | Alm\u00e1si Kl\u00edma\" \/>\n<meta property=\"og:description\" content=\"Kl\u00edma karbantart\u00e1s 12.000 Ft-t\u00f3l, telep\u00edt\u00e9s 75.000 Ft-t\u00f3l Debrecenben. Szakszer\u0171 szerel\u00e9s garanci\u00e1val, regisztr\u00e1ci\u00f3s kedvezm\u00e9ny! Alm\u00e1si G\u00e1bor kl\u00edmaszerel\u0151.\" \/>\n<meta property=\"og:url\" content=\"https:\/\/almasiklima.hu\/en_gb\/klimakarbantartas-es-telepites\/\" \/>\n<meta property=\"og:site_name\" content=\"almasiklima.hu\" \/>\n<meta property=\"article:published_time\" content=\"2025-10-01T13:26:34+00:00\" \/>\n<meta property=\"article:modified_time\" content=\"2025-11-13T20:16:46+00:00\" \/>\n<meta property=\"og:image\" content=\"https:\/\/almasiklima.hu\/wp-content\/uploads\/2025\/09\/closeup-of-male-technician-repairing-outdoor-air-c-2021-12-09-17-34-31-utc-min-min.jpg\" \/>\n\t<meta property=\"og:image:width\" content=\"1500\" \/>\n\t<meta property=\"og:image:height\" content=\"1000\" \/>\n\t<meta property=\"og:image:type\" content=\"image\/jpeg\" \/>\n<meta name=\"author\" content=\"flybuiltstudio\" \/>\n<meta name=\"twitter:card\" content=\"summary_large_image\" \/>\n<meta name=\"twitter:label1\" content=\"Written by\" \/>\n\t<meta name=\"twitter:data1\" content=\"flybuiltstudio\" \/>\n\t<meta name=\"twitter:label2\" content=\"Estimated reading time\" \/>\n\t<meta name=\"twitter:data2\" content=\"2 minutes\" \/>\n<script type=\"application\/ld+json\" class=\"yoast-schema-graph\">{\"@context\":\"https:\\\/\\\/schema.org\",\"@graph\":[{\"@type\":\"Article\",\"@id\":\"https:\\\/\\\/almasiklima.hu\\\/klimakarbantartas-es-telepites\\\/#article\",\"isPartOf\":{\"@id\":\"https:\\\/\\\/almasiklima.hu\\\/klimakarbantartas-es-telepites\\\/\"},\"author\":{\"name\":\"flybuiltstudio\",\"@id\":\"https:\\\/\\\/almasiklima.hu\\\/#\\\/schema\\\/person\\\/ddb0004dec4c426387b98a390a2c77e0\"},\"headline\":\"Kl\u00edmakarbantart\u00e1s \u00e9s telep\u00edt\u00e9s &#8211; mi\u00e9rt \u00e9rdemes szakemberre b\u00edzni?\",\"datePublished\":\"2025-10-01T13:26:34+00:00\",\"dateModified\":\"2025-11-13T20:16:46+00:00\",\"mainEntityOfPage\":{\"@id\":\"https:\\\/\\\/almasiklima.hu\\\/klimakarbantartas-es-telepites\\\/\"},\"wordCount\":591,\"publisher\":{\"@id\":\"https:\\\/\\\/almasiklima.hu\\\/#organization\"},\"image\":{\"@id\":\"https:\\\/\\\/almasiklima.hu\\\/klimakarbantartas-es-telepites\\\/#primaryimage\"},\"thumbnailUrl\":\"https:\\\/\\\/almasiklima.hu\\\/wp-content\\\/uploads\\\/2025\\\/09\\\/closeup-of-male-technician-repairing-outdoor-air-c-2021-12-09-17-34-31-utc-min-min.jpg\",\"articleSection\":[\"Uncategorized\"],\"inLanguage\":\"en-GB\"},{\"@type\":\"WebPage\",\"@id\":\"https:\\\/\\\/almasiklima.hu\\\/klimakarbantartas-es-telepites\\\/\",\"url\":\"https:\\\/\\\/almasiklima.hu\\\/klimakarbantartas-es-telepites\\\/\",\"name\":\"Kl\u00edma Karbantart\u00e1s \u00e9s Telep\u00edt\u00e9s Szakszer\u0171en | Alm\u00e1si Kl\u00edma\",\"isPartOf\":{\"@id\":\"https:\\\/\\\/almasiklima.hu\\\/#website\"},\"primaryImageOfPage\":{\"@id\":\"https:\\\/\\\/almasiklima.hu\\\/klimakarbantartas-es-telepites\\\/#primaryimage\"},\"image\":{\"@id\":\"https:\\\/\\\/almasiklima.hu\\\/klimakarbantartas-es-telepites\\\/#primaryimage\"},\"thumbnailUrl\":\"https:\\\/\\\/almasiklima.hu\\\/wp-content\\\/uploads\\\/2025\\\/09\\\/closeup-of-male-technician-repairing-outdoor-air-c-2021-12-09-17-34-31-utc-min-min.jpg\",\"datePublished\":\"2025-10-01T13:26:34+00:00\",\"dateModified\":\"2025-11-13T20:16:46+00:00\",\"description\":\"Kl\u00edma karbantart\u00e1s 12.000 Ft-t\u00f3l, telep\u00edt\u00e9s 75.000 Ft-t\u00f3l Debrecenben. Szakszer\u0171 szerel\u00e9s garanci\u00e1val, regisztr\u00e1ci\u00f3s kedvezm\u00e9ny! Alm\u00e1si G\u00e1bor kl\u00edmaszerel\u0151.\",\"breadcrumb\":{\"@id\":\"https:\\\/\\\/almasiklima.hu\\\/klimakarbantartas-es-telepites\\\/#breadcrumb\"},\"inLanguage\":\"en-GB\",\"potentialAction\":[{\"@type\":\"ReadAction\",\"target\":[\"https:\\\/\\\/almasiklima.hu\\\/klimakarbantartas-es-telepites\\\/\"]}]},{\"@type\":\"ImageObject\",\"inLanguage\":\"en-GB\",\"@id\":\"https:\\\/\\\/almasiklima.hu\\\/klimakarbantartas-es-telepites\\\/#primaryimage\",\"url\":\"https:\\\/\\\/almasiklima.hu\\\/wp-content\\\/uploads\\\/2025\\\/09\\\/closeup-of-male-technician-repairing-outdoor-air-c-2021-12-09-17-34-31-utc-min-min.jpg\",\"contentUrl\":\"https:\\\/\\\/almasiklima.hu\\\/wp-content\\\/uploads\\\/2025\\\/09\\\/closeup-of-male-technician-repairing-outdoor-air-c-2021-12-09-17-34-31-utc-min-min.jpg\",\"width\":1500,\"height\":1000},{\"@type\":\"BreadcrumbList\",\"@id\":\"https:\\\/\\\/almasiklima.hu\\\/klimakarbantartas-es-telepites\\\/#breadcrumb\",\"itemListElement\":[{\"@type\":\"ListItem\",\"position\":1,\"name\":\"Home\",\"item\":\"https:\\\/\\\/almasiklima.hu\\\/\"},{\"@type\":\"ListItem\",\"position\":2,\"name\":\"Kl\u00edmakarbantart\u00e1s \u00e9s telep\u00edt\u00e9s &#8211; mi\u00e9rt \u00e9rdemes szakemberre b\u00edzni?\"}]},{\"@type\":\"WebSite\",\"@id\":\"https:\\\/\\\/almasiklima.hu\\\/#website\",\"url\":\"https:\\\/\\\/almasiklima.hu\\\/\",\"name\":\"almasiklima.hu\",\"description\":\"\",\"publisher\":{\"@id\":\"https:\\\/\\\/almasiklima.hu\\\/#organization\"},\"potentialAction\":[{\"@type\":\"SearchAction\",\"target\":{\"@type\":\"EntryPoint\",\"urlTemplate\":\"https:\\\/\\\/almasiklima.hu\\\/?s={search_term_string}\"},\"query-input\":{\"@type\":\"PropertyValueSpecification\",\"valueRequired\":true,\"valueName\":\"search_term_string\"}}],\"inLanguage\":\"en-GB\"},{\"@type\":\"Organization\",\"@id\":\"https:\\\/\\\/almasiklima.hu\\\/#organization\",\"name\":\"almasiklima.hu\",\"url\":\"https:\\\/\\\/almasiklima.hu\\\/\",\"logo\":{\"@type\":\"ImageObject\",\"inLanguage\":\"en-GB\",\"@id\":\"https:\\\/\\\/almasiklima.hu\\\/#\\\/schema\\\/logo\\\/image\\\/\",\"url\":\"https:\\\/\\\/almasiklima.hu\\\/wp-content\\\/uploads\\\/2025\\\/09\\\/Almasi-Gabor-Almasi-Klima-Logo-1-scaled-e1762855207980.png\",\"contentUrl\":\"https:\\\/\\\/almasiklima.hu\\\/wp-content\\\/uploads\\\/2025\\\/09\\\/Almasi-Gabor-Almasi-Klima-Logo-1-scaled-e1762855207980.png\",\"width\":2560,\"height\":806,\"caption\":\"almasiklima.hu\"},\"image\":{\"@id\":\"https:\\\/\\\/almasiklima.hu\\\/#\\\/schema\\\/logo\\\/image\\\/\"}},{\"@type\":\"Person\",\"@id\":\"https:\\\/\\\/almasiklima.hu\\\/#\\\/schema\\\/person\\\/ddb0004dec4c426387b98a390a2c77e0\",\"name\":\"flybuiltstudio\",\"image\":{\"@type\":\"ImageObject\",\"inLanguage\":\"en-GB\",\"@id\":\"https:\\\/\\\/secure.gravatar.com\\\/avatar\\\/3fef1f17a7437c830505d2a0bee73a69ebec648630e245096d4f551f0191b683?s=96&d=mm&r=g\",\"url\":\"https:\\\/\\\/secure.gravatar.com\\\/avatar\\\/3fef1f17a7437c830505d2a0bee73a69ebec648630e245096d4f551f0191b683?s=96&d=mm&r=g\",\"contentUrl\":\"https:\\\/\\\/secure.gravatar.com\\\/avatar\\\/3fef1f17a7437c830505d2a0bee73a69ebec648630e245096d4f551f0191b683?s=96&d=mm&r=g\",\"caption\":\"flybuiltstudio\"},\"sameAs\":[\"https:\\\/\\\/almasiklima.hu\"],\"url\":\"https:\\\/\\\/almasiklima.hu\\\/en_gb\\\/author\\\/flybuiltstudio\\\/\"}]}<\/script>\n<!-- \/ Yoast SEO plugin. -->","yoast_head_json":{"title":"Kl\u00edma Karbantart\u00e1s \u00e9s Telep\u00edt\u00e9s Szakszer\u0171en | Alm\u00e1si Kl\u00edma","description":"Kl\u00edma karbantart\u00e1s 12.000 Ft-t\u00f3l, telep\u00edt\u00e9s 75.000 Ft-t\u00f3l Debrecenben. Szakszer\u0171 szerel\u00e9s garanci\u00e1val, regisztr\u00e1ci\u00f3s kedvezm\u00e9ny! Alm\u00e1si G\u00e1bor kl\u00edmaszerel\u0151.","robots":{"index":"index","follow":"follow","max-snippet":"max-snippet:-1","max-image-preview":"max-image-preview:large","max-video-preview":"max-video-preview:-1"},"canonical":"https:\/\/almasiklima.hu\/en_gb\/klimakarbantartas-es-telepites\/","og_locale":"en_GB","og_type":"article","og_title":"Kl\u00edma Karbantart\u00e1s \u00e9s Telep\u00edt\u00e9s Szakszer\u0171en | Alm\u00e1si Kl\u00edma","og_description":"Kl\u00edma karbantart\u00e1s 12.000 Ft-t\u00f3l, telep\u00edt\u00e9s 75.000 Ft-t\u00f3l Debrecenben. Szakszer\u0171 szerel\u00e9s garanci\u00e1val, regisztr\u00e1ci\u00f3s kedvezm\u00e9ny! Alm\u00e1si G\u00e1bor kl\u00edmaszerel\u0151.","og_url":"https:\/\/almasiklima.hu\/en_gb\/klimakarbantartas-es-telepites\/","og_site_name":"almasiklima.hu","article_published_time":"2025-10-01T13:26:34+00:00","article_modified_time":"2025-11-13T20:16:46+00:00","og_image":[{"width":1500,"height":1000,"url":"https:\/\/almasiklima.hu\/wp-content\/uploads\/2025\/09\/closeup-of-male-technician-repairing-outdoor-air-c-2021-12-09-17-34-31-utc-min-min.jpg","type":"image\/jpeg"}],"author":"flybuiltstudio","twitter_card":"summary_large_image","twitter_misc":{"Written by":"flybuiltstudio","Estimated reading time":"2 minutes"},"schema":{"@context":"https:\/\/schema.org","@graph":[{"@type":"Article","@id":"https:\/\/almasiklima.hu\/klimakarbantartas-es-telepites\/#article","isPartOf":{"@id":"https:\/\/almasiklima.hu\/klimakarbantartas-es-telepites\/"},"author":{"name":"flybuiltstudio","@id":"https:\/\/almasiklima.hu\/#\/schema\/person\/ddb0004dec4c426387b98a390a2c77e0"},"headline":"Kl\u00edmakarbantart\u00e1s \u00e9s telep\u00edt\u00e9s &#8211; mi\u00e9rt \u00e9rdemes szakemberre b\u00edzni?","datePublished":"2025-10-01T13:26:34+00:00","dateModified":"2025-11-13T20:16:46+00:00","mainEntityOfPage":{"@id":"https:\/\/almasiklima.hu\/klimakarbantartas-es-telepites\/"},"wordCount":591,"publisher":{"@id":"https:\/\/almasiklima.hu\/#organization"},"image":{"@id":"https:\/\/almasiklima.hu\/klimakarbantartas-es-telepites\/#primaryimage"},"thumbnailUrl":"https:\/\/almasiklima.hu\/wp-content\/uploads\/2025\/09\/closeup-of-male-technician-repairing-outdoor-air-c-2021-12-09-17-34-31-utc-min-min.jpg","articleSection":["Uncategorized"],"inLanguage":"en-GB"},{"@type":"WebPage","@id":"https:\/\/almasiklima.hu\/klimakarbantartas-es-telepites\/","url":"https:\/\/almasiklima.hu\/klimakarbantartas-es-telepites\/","name":"Kl\u00edma Karbantart\u00e1s \u00e9s Telep\u00edt\u00e9s Szakszer\u0171en | Alm\u00e1si Kl\u00edma","isPartOf":{"@id":"https:\/\/almasiklima.hu\/#website"},"primaryImageOfPage":{"@id":"https:\/\/almasiklima.hu\/klimakarbantartas-es-telepites\/#primaryimage"},"image":{"@id":"https:\/\/almasiklima.hu\/klimakarbantartas-es-telepites\/#primaryimage"},"thumbnailUrl":"https:\/\/almasiklima.hu\/wp-content\/uploads\/2025\/09\/closeup-of-male-technician-repairing-outdoor-air-c-2021-12-09-17-34-31-utc-min-min.jpg","datePublished":"2025-10-01T13:26:34+00:00","dateModified":"2025-11-13T20:16:46+00:00","description":"Kl\u00edma karbantart\u00e1s 12.000 Ft-t\u00f3l, telep\u00edt\u00e9s 75.000 Ft-t\u00f3l Debrecenben. Szakszer\u0171 szerel\u00e9s garanci\u00e1val, regisztr\u00e1ci\u00f3s kedvezm\u00e9ny! Alm\u00e1si G\u00e1bor kl\u00edmaszerel\u0151.","breadcrumb":{"@id":"https:\/\/almasiklima.hu\/klimakarbantartas-es-telepites\/#breadcrumb"},"inLanguage":"en-GB","potentialAction":[{"@type":"ReadAction","target":["https:\/\/almasiklima.hu\/klimakarbantartas-es-telepites\/"]}]},{"@type":"ImageObject","inLanguage":"en-GB","@id":"https:\/\/almasiklima.hu\/klimakarbantartas-es-telepites\/#primaryimage","url":"https:\/\/almasiklima.hu\/wp-content\/uploads\/2025\/09\/closeup-of-male-technician-repairing-outdoor-air-c-2021-12-09-17-34-31-utc-min-min.jpg","contentUrl":"https:\/\/almasiklima.hu\/wp-content\/uploads\/2025\/09\/closeup-of-male-technician-repairing-outdoor-air-c-2021-12-09-17-34-31-utc-min-min.jpg","width":1500,"height":1000},{"@type":"BreadcrumbList","@id":"https:\/\/almasiklima.hu\/klimakarbantartas-es-telepites\/#breadcrumb","itemListElement":[{"@type":"ListItem","position":1,"name":"Home","item":"https:\/\/almasiklima.hu\/"},{"@type":"ListItem","position":2,"name":"Kl\u00edmakarbantart\u00e1s \u00e9s telep\u00edt\u00e9s &#8211; mi\u00e9rt \u00e9rdemes szakemberre b\u00edzni?"}]},{"@type":"WebSite","@id":"https:\/\/almasiklima.hu\/#website","url":"https:\/\/almasiklima.hu\/","name":"almasiklima.hu","description":"","publisher":{"@id":"https:\/\/almasiklima.hu\/#organization"},"potentialAction":[{"@type":"SearchAction","target":{"@type":"EntryPoint","urlTemplate":"https:\/\/almasiklima.hu\/?s={search_term_string}"},"query-input":{"@type":"PropertyValueSpecification","valueRequired":true,"valueName":"search_term_string"}}],"inLanguage":"en-GB"},{"@type":"Organization","@id":"https:\/\/almasiklima.hu\/#organization","name":"almasiklima.hu","url":"https:\/\/almasiklima.hu\/","logo":{"@type":"ImageObject","inLanguage":"en-GB","@id":"https:\/\/almasiklima.hu\/#\/schema\/logo\/image\/","url":"https:\/\/almasiklima.hu\/wp-content\/uploads\/2025\/09\/Almasi-Gabor-Almasi-Klima-Logo-1-scaled-e1762855207980.png","contentUrl":"https:\/\/almasiklima.hu\/wp-content\/uploads\/2025\/09\/Almasi-Gabor-Almasi-Klima-Logo-1-scaled-e1762855207980.png","width":2560,"height":806,"caption":"almasiklima.hu"},"image":{"@id":"https:\/\/almasiklima.hu\/#\/schema\/logo\/image\/"}},{"@type":"Person","@id":"https:\/\/almasiklima.hu\/#\/schema\/person\/ddb0004dec4c426387b98a390a2c77e0","name":"flybuiltstudio","image":{"@type":"ImageObject","inLanguage":"en-GB","@id":"https:\/\/secure.gravatar.com\/avatar\/3fef1f17a7437c830505d2a0bee73a69ebec648630e245096d4f551f0191b683?s=96&d=mm&r=g","url":"https:\/\/secure.gravatar.com\/avatar\/3fef1f17a7437c830505d2a0bee73a69ebec648630e245096d4f551f0191b683?s=96&d=mm&r=g","contentUrl":"https:\/\/secure.gravatar.com\/avatar\/3fef1f17a7437c830505d2a0bee73a69ebec648630e245096d4f551f0191b683?s=96&d=mm&r=g","caption":"flybuiltstudio"},"sameAs":["https:\/\/almasiklima.hu"],"url":"https:\/\/almasiklima.hu\/en_gb\/author\/flybuiltstudio\/"}]}},"_links":{"self":[{"href":"https:\/\/almasiklima.hu\/en_gb\/wp-json\/wp\/v2\/posts\/328","targetHints":{"allow":["GET"]}}],"collection":[{"href":"https:\/\/almasiklima.hu\/en_gb\/wp-json\/wp\/v2\/posts"}],"about":[{"href":"https:\/\/almasiklima.hu\/en_gb\/wp-json\/wp\/v2\/types\/post"}],"author":[{"embeddable":true,"href":"https:\/\/almasiklima.hu\/en_gb\/wp-json\/wp\/v2\/users\/1"}],"replies":[{"embeddable":true,"href":"https:\/\/almasiklima.hu\/en_gb\/wp-json\/wp\/v2\/comments?post=328"}],"version-history":[{"count":2,"href":"https:\/\/almasiklima.hu\/en_gb\/wp-json\/wp\/v2\/posts\/328\/revisions"}],"predecessor-version":[{"id":335,"href":"https:\/\/almasiklima.hu\/en_gb\/wp-json\/wp\/v2\/posts\/328\/revisions\/335"}],"wp:featuredmedia":[{"embeddable":true,"href":"https:\/\/almasiklima.hu\/en_gb\/wp-json\/wp\/v2\/media\/104"}],"wp:attachment":[{"href":"https:\/\/almasiklima.hu\/en_gb\/wp-json\/wp\/v2\/media?parent=328"}],"wp:term":[{"taxonomy":"category","embeddable":true,"href":"https:\/\/almasiklima.hu\/en_gb\/wp-json\/wp\/v2\/categories?post=328"},{"taxonomy":"post_tag","embeddable":true,"href":"https:\/\/almasiklima.hu\/en_gb\/wp-json\/wp\/v2\/tags?post=328"}],"curies":[{"name":"wp","href":"https:\/\/api.w.org\/{rel}","templated":true}]}}