{"id":321,"date":"2025-10-01T13:19:14","date_gmt":"2025-10-01T13:19:14","guid":{"rendered":"https:\/\/almasiklima.hu\/?p=321"},"modified":"2025-11-13T20:25:12","modified_gmt":"2025-11-13T20:25:12","slug":"klimakarbantartas","status":"publish","type":"post","link":"https:\/\/almasiklima.hu\/en_gb\/klimakarbantartas\/","title":{"rendered":"Air conditioning maintenance - Why is it important and how to clean your air conditioner?"},"content":{"rendered":"<p>Today, air conditioning is no longer a luxury, but a part of everyday comfort. Whether it's for cooling or heating, air conditioning makes a big contribution to the comfort of your home. But to ensure that it works reliably over the long term, regular maintenance is essential. <strong>air conditioning maintenance and cleaning<\/strong>.<\/p>\n\n\n\n<p>But why is this important and how does the process work? Let's take a look!<\/p>\n\n\n\n<hr class=\"wp-block-separator has-alpha-channel-opacity\"\/>\n\n\n\n<h2 class=\"wp-block-heading\">Why should you clean your air conditioner?<\/h2>\n\n\n\n<p>Both the outdoor and indoor units of the air conditioning system are constantly exposed to the weather, dust, pollen and other contaminants. These not only reduce efficiency but can also pose a serious health risk.<\/p>\n\n\n\n<ul class=\"wp-block-list\">\n<li><strong>Degradation of effectiveness:<\/strong> Dirt build-up in the outdoor unit will prevent heat dissipation, overload the compressor and shorten the life of the equipment.<\/li>\n\n\n\n<li><strong>Higher power consumption:<\/strong> A dirty heat exchanger causes the appliance to use more energy for the same output.<\/li>\n\n\n\n<li><strong>Health hazards:<\/strong> Dust, mould and bacteria that settle in the indoor unit can cause allergies, respiratory problems and even legionella.<\/li>\n\n\n\n<li><strong>Bad smells:<\/strong> Decomposing organic matter can cause unpleasant odours in the home.<\/li>\n<\/ul>\n\n\n\n<p>Regular, professional maintenance will therefore not only prolong the life of your appliance, but also protect the health of the whole family.<\/p>\n\n\n\n<hr class=\"wp-block-separator has-alpha-channel-opacity\"\/>\n\n\n\n<h2 class=\"wp-block-heading\">How to clean the air conditioner<\/h2>\n\n\n\n<h3 class=\"wp-block-heading\">Indoor unit maintenance<\/h3>\n\n\n\n<ol class=\"wp-block-list\">\n<li>Removal, dusting and washing of dust filters.<\/li>\n\n\n\n<li>Thorough cleaning of the additional filter cartridges.<\/li>\n\n\n\n<li>Metal cleaning and disinfection of heat exchangers with silver colloidal nanoseptic chemicals.<\/li>\n\n\n\n<li>In the case of a very dirty appliance, dismantle the entire indoor unit and clean all components carefully.<\/li>\n\n\n\n<li>Chemical disinfection to prevent the development of mould and bacterial colonies.<\/li>\n<\/ol>\n\n\n\n<h3 class=\"wp-block-heading\">Outdoor unit maintenance<\/h3>\n\n\n\n<ol class=\"wp-block-list\">\n<li>Compressed air cleaning to remove leaves, dust and other dirt.<\/li>\n\n\n\n<li>Check the connections (damage, tightness, operation).<\/li>\n\n\n\n<li>Flushing the unit to ensure optimum performance over the long term.<\/li>\n<\/ol>\n\n\n\n<hr class=\"wp-block-separator has-alpha-channel-opacity\"\/>\n\n\n\n<h2 class=\"wp-block-heading\">Why hire a professional to clean it?<\/h2>\n\n\n\n<p>A thorough cleaning of the air conditioner cannot be done without the right tools. It requires industrial chemicals, disinfectants and special tools that are not available in the average household. If someone tries to clean it at home, he or she can easily damage the equipment and end up spending more on repairs than on maintenance.<\/p>\n\n\n\n<hr class=\"wp-block-separator has-alpha-channel-opacity\"\/>\n\n\n\n<h2 class=\"wp-block-heading\">When should you ask for air conditioning cleaning?<\/h2>\n\n\n\n<ul class=\"wp-block-list\">\n<li>At least once a year, before the season.<\/li>\n\n\n\n<li>Even if the device is rarely used, dust and moisture will still accumulate.<\/li>\n\n\n\n<li>If you smell unpleasant odours during operation.<\/li>\n\n\n\n<li>If you find that your air conditioning is less efficient at cooling or heating.<\/li>\n<\/ul>\n\n\n\n<hr class=\"wp-block-separator has-alpha-channel-opacity\"\/>\n\n\n\n<h2 class=\"wp-block-heading\">Summary<\/h2>\n\n\n\n<p>Air conditioning cleaning is not a luxury, but a necessary maintenance task. It extends the life of your equipment, reduces electricity consumption and ensures safe, healthy operation.<\/p>\n\n\n\n<p>\ud83d\udc49 <strong>Don't wait until you have a problem!<\/strong> Get a quote before the season starts and enjoy the benefits of your climate all year round.<\/p>","protected":false},"excerpt":{"rendered":"<p>A l\u00e9gkondicion\u00e1l\u00f3 ma m\u00e1r nem luxus, hanem a mindennapi komfort r\u00e9sze. Legyen sz\u00f3 h\u0171t\u00e9sr\u0151l vagy f\u0171t\u00e9sr\u0151l, a kl\u00edma nagyban hozz\u00e1j\u00e1rul otthonunk k\u00e9nyelm\u00e9hez. Ahhoz azonban, hogy hossz\u00fa t\u00e1von is megb\u00edzhat\u00f3an m\u0171k\u00f6dj\u00f6n, elengedhetetlen a rendszeres kl\u00edmakarbantart\u00e1s \u00e9s tiszt\u00edt\u00e1s. De mi\u00e9rt is ilyen fontos ez, \u00e9s hogyan zajlik a folyamat? N\u00e9zz\u00fck sorban! Mi\u00e9rt kell tiszt\u00edtani a kl\u00edm\u00e1t? A [&hellip;]<\/p>\n","protected":false},"author":1,"featured_media":103,"comment_status":"closed","ping_status":"closed","sticky":false,"template":"","format":"standard","meta":{"footnotes":""},"categories":[1],"tags":[],"class_list":["post-321","post","type-post","status-publish","format-standard","has-post-thumbnail","hentry","category-uncategorized"],"yoast_head":"<!-- This site is optimized with the Yoast SEO plugin v27.3 - https:\/\/yoast.com\/product\/yoast-seo-wordpress\/ -->\n<title>Kl\u00edma Karbantart\u00e1s: Mi\u00e9rt Fontos? | Alm\u00e1si Kl\u00edma Blog<\/title>\n<meta name=\"description\" content=\"\u00c9vente legal\u00e1bb 1x tiszt\u00edtsd a kl\u00edm\u00e1t! Pen\u00e9sz, bakt\u00e9rium, hat\u00e1sfok-roml\u00e1s ellen. L\u00e9p\u00e9sr\u0151l l\u00e9p\u00e9sre \u00fatmutat\u00f3. Alm\u00e1si G\u00e1bor kl\u00edmaszerel\u0151 Debrecen.\" \/>\n<meta name=\"robots\" content=\"index, follow, max-snippet:-1, max-image-preview:large, max-video-preview:-1\" \/>\n<link rel=\"canonical\" href=\"https:\/\/almasiklima.hu\/en_gb\/klimakarbantartas\/\" \/>\n<meta property=\"og:locale\" content=\"en_GB\" \/>\n<meta property=\"og:type\" content=\"article\" \/>\n<meta property=\"og:title\" content=\"Kl\u00edma Karbantart\u00e1s: Mi\u00e9rt Fontos? | Alm\u00e1si Kl\u00edma Blog\" \/>\n<meta property=\"og:description\" content=\"\u00c9vente legal\u00e1bb 1x tiszt\u00edtsd a kl\u00edm\u00e1t! Pen\u00e9sz, bakt\u00e9rium, hat\u00e1sfok-roml\u00e1s ellen. L\u00e9p\u00e9sr\u0151l l\u00e9p\u00e9sre \u00fatmutat\u00f3. Alm\u00e1si G\u00e1bor kl\u00edmaszerel\u0151 Debrecen.\" \/>\n<meta property=\"og:url\" content=\"https:\/\/almasiklima.hu\/en_gb\/klimakarbantartas\/\" \/>\n<meta property=\"og:site_name\" content=\"almasiklima.hu\" \/>\n<meta property=\"article:published_time\" content=\"2025-10-01T13:19:14+00:00\" \/>\n<meta property=\"article:modified_time\" content=\"2025-11-13T20:25:12+00:00\" \/>\n<meta property=\"og:image\" content=\"https:\/\/almasiklima.hu\/wp-content\/uploads\/2025\/09\/installing-an-air-conditioner-in-an-apartment-offi-2022-03-14-19-25-40-utc-min-min.jpg\" \/>\n\t<meta property=\"og:image:width\" content=\"1500\" \/>\n\t<meta property=\"og:image:height\" content=\"1000\" \/>\n\t<meta property=\"og:image:type\" content=\"image\/jpeg\" \/>\n<meta name=\"author\" content=\"flybuiltstudio\" \/>\n<meta name=\"twitter:card\" content=\"summary_large_image\" \/>\n<meta name=\"twitter:label1\" content=\"Written by\" \/>\n\t<meta name=\"twitter:data1\" content=\"flybuiltstudio\" \/>\n\t<meta name=\"twitter:label2\" content=\"Estimated reading time\" \/>\n\t<meta name=\"twitter:data2\" content=\"3 minutes\" \/>\n<script type=\"application\/ld+json\" class=\"yoast-schema-graph\">{\"@context\":\"https:\\\/\\\/schema.org\",\"@graph\":[{\"@type\":\"Article\",\"@id\":\"https:\\\/\\\/almasiklima.hu\\\/klimakarbantartas\\\/#article\",\"isPartOf\":{\"@id\":\"https:\\\/\\\/almasiklima.hu\\\/klimakarbantartas\\\/\"},\"author\":{\"name\":\"flybuiltstudio\",\"@id\":\"https:\\\/\\\/almasiklima.hu\\\/#\\\/schema\\\/person\\\/ddb0004dec4c426387b98a390a2c77e0\"},\"headline\":\"Kl\u00edmakarbantart\u00e1s \u2013 Mi\u00e9rt fontos \u00e9s hogyan zajlik a l\u00e9gkondi tiszt\u00edt\u00e1sa?\",\"datePublished\":\"2025-10-01T13:19:14+00:00\",\"dateModified\":\"2025-11-13T20:25:12+00:00\",\"mainEntityOfPage\":{\"@id\":\"https:\\\/\\\/almasiklima.hu\\\/klimakarbantartas\\\/\"},\"wordCount\":683,\"publisher\":{\"@id\":\"https:\\\/\\\/almasiklima.hu\\\/#organization\"},\"image\":{\"@id\":\"https:\\\/\\\/almasiklima.hu\\\/klimakarbantartas\\\/#primaryimage\"},\"thumbnailUrl\":\"https:\\\/\\\/almasiklima.hu\\\/wp-content\\\/uploads\\\/2025\\\/09\\\/installing-an-air-conditioner-in-an-apartment-offi-2022-03-14-19-25-40-utc-min-min.jpg\",\"articleSection\":[\"Uncategorized\"],\"inLanguage\":\"en-GB\"},{\"@type\":\"WebPage\",\"@id\":\"https:\\\/\\\/almasiklima.hu\\\/klimakarbantartas\\\/\",\"url\":\"https:\\\/\\\/almasiklima.hu\\\/klimakarbantartas\\\/\",\"name\":\"Kl\u00edma Karbantart\u00e1s: Mi\u00e9rt Fontos? | Alm\u00e1si Kl\u00edma Blog\",\"isPartOf\":{\"@id\":\"https:\\\/\\\/almasiklima.hu\\\/#website\"},\"primaryImageOfPage\":{\"@id\":\"https:\\\/\\\/almasiklima.hu\\\/klimakarbantartas\\\/#primaryimage\"},\"image\":{\"@id\":\"https:\\\/\\\/almasiklima.hu\\\/klimakarbantartas\\\/#primaryimage\"},\"thumbnailUrl\":\"https:\\\/\\\/almasiklima.hu\\\/wp-content\\\/uploads\\\/2025\\\/09\\\/installing-an-air-conditioner-in-an-apartment-offi-2022-03-14-19-25-40-utc-min-min.jpg\",\"datePublished\":\"2025-10-01T13:19:14+00:00\",\"dateModified\":\"2025-11-13T20:25:12+00:00\",\"description\":\"\u00c9vente legal\u00e1bb 1x tiszt\u00edtsd a kl\u00edm\u00e1t! Pen\u00e9sz, bakt\u00e9rium, hat\u00e1sfok-roml\u00e1s ellen. L\u00e9p\u00e9sr\u0151l l\u00e9p\u00e9sre \u00fatmutat\u00f3. Alm\u00e1si G\u00e1bor kl\u00edmaszerel\u0151 Debrecen.\",\"breadcrumb\":{\"@id\":\"https:\\\/\\\/almasiklima.hu\\\/klimakarbantartas\\\/#breadcrumb\"},\"inLanguage\":\"en-GB\",\"potentialAction\":[{\"@type\":\"ReadAction\",\"target\":[\"https:\\\/\\\/almasiklima.hu\\\/klimakarbantartas\\\/\"]}]},{\"@type\":\"ImageObject\",\"inLanguage\":\"en-GB\",\"@id\":\"https:\\\/\\\/almasiklima.hu\\\/klimakarbantartas\\\/#primaryimage\",\"url\":\"https:\\\/\\\/almasiklima.hu\\\/wp-content\\\/uploads\\\/2025\\\/09\\\/installing-an-air-conditioner-in-an-apartment-offi-2022-03-14-19-25-40-utc-min-min.jpg\",\"contentUrl\":\"https:\\\/\\\/almasiklima.hu\\\/wp-content\\\/uploads\\\/2025\\\/09\\\/installing-an-air-conditioner-in-an-apartment-offi-2022-03-14-19-25-40-utc-min-min.jpg\",\"width\":1500,\"height\":1000},{\"@type\":\"BreadcrumbList\",\"@id\":\"https:\\\/\\\/almasiklima.hu\\\/klimakarbantartas\\\/#breadcrumb\",\"itemListElement\":[{\"@type\":\"ListItem\",\"position\":1,\"name\":\"Home\",\"item\":\"https:\\\/\\\/almasiklima.hu\\\/\"},{\"@type\":\"ListItem\",\"position\":2,\"name\":\"Kl\u00edmakarbantart\u00e1s \u2013 Mi\u00e9rt fontos \u00e9s hogyan zajlik a l\u00e9gkondi tiszt\u00edt\u00e1sa?\"}]},{\"@type\":\"WebSite\",\"@id\":\"https:\\\/\\\/almasiklima.hu\\\/#website\",\"url\":\"https:\\\/\\\/almasiklima.hu\\\/\",\"name\":\"almasiklima.hu\",\"description\":\"\",\"publisher\":{\"@id\":\"https:\\\/\\\/almasiklima.hu\\\/#organization\"},\"potentialAction\":[{\"@type\":\"SearchAction\",\"target\":{\"@type\":\"EntryPoint\",\"urlTemplate\":\"https:\\\/\\\/almasiklima.hu\\\/?s={search_term_string}\"},\"query-input\":{\"@type\":\"PropertyValueSpecification\",\"valueRequired\":true,\"valueName\":\"search_term_string\"}}],\"inLanguage\":\"en-GB\"},{\"@type\":\"Organization\",\"@id\":\"https:\\\/\\\/almasiklima.hu\\\/#organization\",\"name\":\"almasiklima.hu\",\"url\":\"https:\\\/\\\/almasiklima.hu\\\/\",\"logo\":{\"@type\":\"ImageObject\",\"inLanguage\":\"en-GB\",\"@id\":\"https:\\\/\\\/almasiklima.hu\\\/#\\\/schema\\\/logo\\\/image\\\/\",\"url\":\"https:\\\/\\\/almasiklima.hu\\\/wp-content\\\/uploads\\\/2025\\\/09\\\/Almasi-Gabor-Almasi-Klima-Logo-1-scaled-e1762855207980.png\",\"contentUrl\":\"https:\\\/\\\/almasiklima.hu\\\/wp-content\\\/uploads\\\/2025\\\/09\\\/Almasi-Gabor-Almasi-Klima-Logo-1-scaled-e1762855207980.png\",\"width\":2560,\"height\":806,\"caption\":\"almasiklima.hu\"},\"image\":{\"@id\":\"https:\\\/\\\/almasiklima.hu\\\/#\\\/schema\\\/logo\\\/image\\\/\"}},{\"@type\":\"Person\",\"@id\":\"https:\\\/\\\/almasiklima.hu\\\/#\\\/schema\\\/person\\\/ddb0004dec4c426387b98a390a2c77e0\",\"name\":\"flybuiltstudio\",\"image\":{\"@type\":\"ImageObject\",\"inLanguage\":\"en-GB\",\"@id\":\"https:\\\/\\\/secure.gravatar.com\\\/avatar\\\/3fef1f17a7437c830505d2a0bee73a69ebec648630e245096d4f551f0191b683?s=96&d=mm&r=g\",\"url\":\"https:\\\/\\\/secure.gravatar.com\\\/avatar\\\/3fef1f17a7437c830505d2a0bee73a69ebec648630e245096d4f551f0191b683?s=96&d=mm&r=g\",\"contentUrl\":\"https:\\\/\\\/secure.gravatar.com\\\/avatar\\\/3fef1f17a7437c830505d2a0bee73a69ebec648630e245096d4f551f0191b683?s=96&d=mm&r=g\",\"caption\":\"flybuiltstudio\"},\"sameAs\":[\"https:\\\/\\\/almasiklima.hu\"],\"url\":\"https:\\\/\\\/almasiklima.hu\\\/en_gb\\\/author\\\/flybuiltstudio\\\/\"}]}<\/script>\n<!-- \/ Yoast SEO plugin. -->","yoast_head_json":{"title":"Kl\u00edma Karbantart\u00e1s: Mi\u00e9rt Fontos? | Alm\u00e1si Kl\u00edma Blog","description":"\u00c9vente legal\u00e1bb 1x tiszt\u00edtsd a kl\u00edm\u00e1t! Pen\u00e9sz, bakt\u00e9rium, hat\u00e1sfok-roml\u00e1s ellen. L\u00e9p\u00e9sr\u0151l l\u00e9p\u00e9sre \u00fatmutat\u00f3. Alm\u00e1si G\u00e1bor kl\u00edmaszerel\u0151 Debrecen.","robots":{"index":"index","follow":"follow","max-snippet":"max-snippet:-1","max-image-preview":"max-image-preview:large","max-video-preview":"max-video-preview:-1"},"canonical":"https:\/\/almasiklima.hu\/en_gb\/klimakarbantartas\/","og_locale":"en_GB","og_type":"article","og_title":"Kl\u00edma Karbantart\u00e1s: Mi\u00e9rt Fontos? | Alm\u00e1si Kl\u00edma Blog","og_description":"\u00c9vente legal\u00e1bb 1x tiszt\u00edtsd a kl\u00edm\u00e1t! Pen\u00e9sz, bakt\u00e9rium, hat\u00e1sfok-roml\u00e1s ellen. L\u00e9p\u00e9sr\u0151l l\u00e9p\u00e9sre \u00fatmutat\u00f3. Alm\u00e1si G\u00e1bor kl\u00edmaszerel\u0151 Debrecen.","og_url":"https:\/\/almasiklima.hu\/en_gb\/klimakarbantartas\/","og_site_name":"almasiklima.hu","article_published_time":"2025-10-01T13:19:14+00:00","article_modified_time":"2025-11-13T20:25:12+00:00","og_image":[{"width":1500,"height":1000,"url":"https:\/\/almasiklima.hu\/wp-content\/uploads\/2025\/09\/installing-an-air-conditioner-in-an-apartment-offi-2022-03-14-19-25-40-utc-min-min.jpg","type":"image\/jpeg"}],"author":"flybuiltstudio","twitter_card":"summary_large_image","twitter_misc":{"Written by":"flybuiltstudio","Estimated reading time":"3 minutes"},"schema":{"@context":"https:\/\/schema.org","@graph":[{"@type":"Article","@id":"https:\/\/almasiklima.hu\/klimakarbantartas\/#article","isPartOf":{"@id":"https:\/\/almasiklima.hu\/klimakarbantartas\/"},"author":{"name":"flybuiltstudio","@id":"https:\/\/almasiklima.hu\/#\/schema\/person\/ddb0004dec4c426387b98a390a2c77e0"},"headline":"Kl\u00edmakarbantart\u00e1s \u2013 Mi\u00e9rt fontos \u00e9s hogyan zajlik a l\u00e9gkondi tiszt\u00edt\u00e1sa?","datePublished":"2025-10-01T13:19:14+00:00","dateModified":"2025-11-13T20:25:12+00:00","mainEntityOfPage":{"@id":"https:\/\/almasiklima.hu\/klimakarbantartas\/"},"wordCount":683,"publisher":{"@id":"https:\/\/almasiklima.hu\/#organization"},"image":{"@id":"https:\/\/almasiklima.hu\/klimakarbantartas\/#primaryimage"},"thumbnailUrl":"https:\/\/almasiklima.hu\/wp-content\/uploads\/2025\/09\/installing-an-air-conditioner-in-an-apartment-offi-2022-03-14-19-25-40-utc-min-min.jpg","articleSection":["Uncategorized"],"inLanguage":"en-GB"},{"@type":"WebPage","@id":"https:\/\/almasiklima.hu\/klimakarbantartas\/","url":"https:\/\/almasiklima.hu\/klimakarbantartas\/","name":"Kl\u00edma Karbantart\u00e1s: Mi\u00e9rt Fontos? | Alm\u00e1si Kl\u00edma Blog","isPartOf":{"@id":"https:\/\/almasiklima.hu\/#website"},"primaryImageOfPage":{"@id":"https:\/\/almasiklima.hu\/klimakarbantartas\/#primaryimage"},"image":{"@id":"https:\/\/almasiklima.hu\/klimakarbantartas\/#primaryimage"},"thumbnailUrl":"https:\/\/almasiklima.hu\/wp-content\/uploads\/2025\/09\/installing-an-air-conditioner-in-an-apartment-offi-2022-03-14-19-25-40-utc-min-min.jpg","datePublished":"2025-10-01T13:19:14+00:00","dateModified":"2025-11-13T20:25:12+00:00","description":"\u00c9vente legal\u00e1bb 1x tiszt\u00edtsd a kl\u00edm\u00e1t! Pen\u00e9sz, bakt\u00e9rium, hat\u00e1sfok-roml\u00e1s ellen. L\u00e9p\u00e9sr\u0151l l\u00e9p\u00e9sre \u00fatmutat\u00f3. Alm\u00e1si G\u00e1bor kl\u00edmaszerel\u0151 Debrecen.","breadcrumb":{"@id":"https:\/\/almasiklima.hu\/klimakarbantartas\/#breadcrumb"},"inLanguage":"en-GB","potentialAction":[{"@type":"ReadAction","target":["https:\/\/almasiklima.hu\/klimakarbantartas\/"]}]},{"@type":"ImageObject","inLanguage":"en-GB","@id":"https:\/\/almasiklima.hu\/klimakarbantartas\/#primaryimage","url":"https:\/\/almasiklima.hu\/wp-content\/uploads\/2025\/09\/installing-an-air-conditioner-in-an-apartment-offi-2022-03-14-19-25-40-utc-min-min.jpg","contentUrl":"https:\/\/almasiklima.hu\/wp-content\/uploads\/2025\/09\/installing-an-air-conditioner-in-an-apartment-offi-2022-03-14-19-25-40-utc-min-min.jpg","width":1500,"height":1000},{"@type":"BreadcrumbList","@id":"https:\/\/almasiklima.hu\/klimakarbantartas\/#breadcrumb","itemListElement":[{"@type":"ListItem","position":1,"name":"Home","item":"https:\/\/almasiklima.hu\/"},{"@type":"ListItem","position":2,"name":"Kl\u00edmakarbantart\u00e1s \u2013 Mi\u00e9rt fontos \u00e9s hogyan zajlik a l\u00e9gkondi tiszt\u00edt\u00e1sa?"}]},{"@type":"WebSite","@id":"https:\/\/almasiklima.hu\/#website","url":"https:\/\/almasiklima.hu\/","name":"almasiklima.hu","description":"","publisher":{"@id":"https:\/\/almasiklima.hu\/#organization"},"potentialAction":[{"@type":"SearchAction","target":{"@type":"EntryPoint","urlTemplate":"https:\/\/almasiklima.hu\/?s={search_term_string}"},"query-input":{"@type":"PropertyValueSpecification","valueRequired":true,"valueName":"search_term_string"}}],"inLanguage":"en-GB"},{"@type":"Organization","@id":"https:\/\/almasiklima.hu\/#organization","name":"almasiklima.hu","url":"https:\/\/almasiklima.hu\/","logo":{"@type":"ImageObject","inLanguage":"en-GB","@id":"https:\/\/almasiklima.hu\/#\/schema\/logo\/image\/","url":"https:\/\/almasiklima.hu\/wp-content\/uploads\/2025\/09\/Almasi-Gabor-Almasi-Klima-Logo-1-scaled-e1762855207980.png","contentUrl":"https:\/\/almasiklima.hu\/wp-content\/uploads\/2025\/09\/Almasi-Gabor-Almasi-Klima-Logo-1-scaled-e1762855207980.png","width":2560,"height":806,"caption":"almasiklima.hu"},"image":{"@id":"https:\/\/almasiklima.hu\/#\/schema\/logo\/image\/"}},{"@type":"Person","@id":"https:\/\/almasiklima.hu\/#\/schema\/person\/ddb0004dec4c426387b98a390a2c77e0","name":"flybuiltstudio","image":{"@type":"ImageObject","inLanguage":"en-GB","@id":"https:\/\/secure.gravatar.com\/avatar\/3fef1f17a7437c830505d2a0bee73a69ebec648630e245096d4f551f0191b683?s=96&d=mm&r=g","url":"https:\/\/secure.gravatar.com\/avatar\/3fef1f17a7437c830505d2a0bee73a69ebec648630e245096d4f551f0191b683?s=96&d=mm&r=g","contentUrl":"https:\/\/secure.gravatar.com\/avatar\/3fef1f17a7437c830505d2a0bee73a69ebec648630e245096d4f551f0191b683?s=96&d=mm&r=g","caption":"flybuiltstudio"},"sameAs":["https:\/\/almasiklima.hu"],"url":"https:\/\/almasiklima.hu\/en_gb\/author\/flybuiltstudio\/"}]}},"_links":{"self":[{"href":"https:\/\/almasiklima.hu\/en_gb\/wp-json\/wp\/v2\/posts\/321","targetHints":{"allow":["GET"]}}],"collection":[{"href":"https:\/\/almasiklima.hu\/en_gb\/wp-json\/wp\/v2\/posts"}],"about":[{"href":"https:\/\/almasiklima.hu\/en_gb\/wp-json\/wp\/v2\/types\/post"}],"author":[{"embeddable":true,"href":"https:\/\/almasiklima.hu\/en_gb\/wp-json\/wp\/v2\/users\/1"}],"replies":[{"embeddable":true,"href":"https:\/\/almasiklima.hu\/en_gb\/wp-json\/wp\/v2\/comments?post=321"}],"version-history":[{"count":3,"href":"https:\/\/almasiklima.hu\/en_gb\/wp-json\/wp\/v2\/posts\/321\/revisions"}],"predecessor-version":[{"id":338,"href":"https:\/\/almasiklima.hu\/en_gb\/wp-json\/wp\/v2\/posts\/321\/revisions\/338"}],"wp:featuredmedia":[{"embeddable":true,"href":"https:\/\/almasiklima.hu\/en_gb\/wp-json\/wp\/v2\/media\/103"}],"wp:attachment":[{"href":"https:\/\/almasiklima.hu\/en_gb\/wp-json\/wp\/v2\/media?parent=321"}],"wp:term":[{"taxonomy":"category","embeddable":true,"href":"https:\/\/almasiklima.hu\/en_gb\/wp-json\/wp\/v2\/categories?post=321"},{"taxonomy":"post_tag","embeddable":true,"href":"https:\/\/almasiklima.hu\/en_gb\/wp-json\/wp\/v2\/tags?post=321"}],"curies":[{"name":"wp","href":"https:\/\/api.w.org\/{rel}","templated":true}]}}